{"id":12681,"date":"2025-01-27T08:24:52","date_gmt":"2025-01-27T07:24:52","guid":{"rendered":"https:\/\/capoigny.fr\/?p=12681"},"modified":"2025-09-27T16:31:14","modified_gmt":"2025-09-27T14:31:14","slug":"assemblee-generale-suivi-de-la-galette","status":"publish","type":"post","link":"https:\/\/capoigny.fr\/index.php\/2025\/01\/27\/assemblee-generale-suivi-de-la-galette\/","title":{"rendered":"Assembl\u00e9e G\u00e9n\u00e9rale 2024 suivi de la galette"},"content":{"rendered":"\n<figure class=\"wp-block-gallery has-nested-images columns-default is-cropped wp-block-gallery-1 is-layout-flex wp-block-gallery-is-layout-flex\">\n<figure class=\"wp-block-image size-large is-style-rounded\"><img loading=\"lazy\" decoding=\"async\" width=\"859\" height=\"573\" data-attachment-id=\"12675\" data-permalink=\"https:\/\/capoigny.fr\/capoigny_assemblee_generale_2024_2890\/\" data-orig-file=\"https:\/\/capoigny.fr\/wp-content\/uploads\/2025\/01\/capoigny_assemblee_generale_2024_2890.jpg\" data-orig-size=\"859,573\" data-comments-opened=\"1\" data-image-meta=\"{&quot;aperture&quot;:&quot;4&quot;,&quot;credit&quot;:&quot;&quot;,&quot;camera&quot;:&quot;Canon EOS 2000D&quot;,&quot;caption&quot;:&quot;&quot;,&quot;created_timestamp&quot;:&quot;1737643325&quot;,&quot;copyright&quot;:&quot;&quot;,&quot;focal_length&quot;:&quot;18&quot;,&quot;iso&quot;:&quot;800&quot;,&quot;shutter_speed&quot;:&quot;0.016666666666667&quot;,&quot;title&quot;:&quot;&quot;,&quot;orientation&quot;:&quot;1&quot;}\" data-image-title=\"capoigny_assemblee_generale_2024_2890\" data-image-description=\"&lt;p&gt;Club Andr\u00e9 Poigny &amp;#8211; Le Mans  Assembl\u00e9e G\u00e9n\u00e9rale 2024 le 25\/01\/2025 \u00e0 la salle Pierre Gu\u00e9dou&lt;\/p&gt;\n\" data-image-caption=\"&lt;p&gt;Club Andr\u00e9 Poigny &amp;#8211; Le Mans  Assembl\u00e9e G\u00e9n\u00e9rale 2024 le 25\/01\/2025 \u00e0 la salle Pierre Gu\u00e9dou&lt;\/p&gt;\n\" data-large-file=\"https:\/\/capoigny.fr\/wp-content\/uploads\/2025\/01\/capoigny_assemblee_generale_2024_2890.jpg\" data-id=\"12675\" src=\"https:\/\/capoigny.fr\/wp-content\/uploads\/2025\/01\/capoigny_assemblee_generale_2024_2890.jpg\" alt=\"Club Andr\u00e9 Poigny - Le Mans Assembl\u00e9e G\u00e9n\u00e9rale 2024 le 25\/01\/2025 \u00e0 la salle Pierre Gu\u00e9dou\" class=\"wp-image-12675\" srcset=\"https:\/\/capoigny.fr\/wp-content\/uploads\/2025\/01\/capoigny_assemblee_generale_2024_2890.jpg 859w, https:\/\/capoigny.fr\/wp-content\/uploads\/2025\/01\/capoigny_assemblee_generale_2024_2890-300x200.jpg 300w, https:\/\/capoigny.fr\/wp-content\/uploads\/2025\/01\/capoigny_assemblee_generale_2024_2890-768x512.jpg 768w\" sizes=\"auto, (max-width: 859px) 100vw, 859px\" \/><figcaption class=\"wp-element-caption\">Club Andr\u00e9 Poigny &#8211; Le Mans  Assembl\u00e9e G\u00e9n\u00e9rale 2024 le 25\/01\/2025 \u00e0 la salle Pierre Gu\u00e9dou<\/figcaption><\/figure>\n\n\n\n<figure class=\"wp-block-image size-large\"><img loading=\"lazy\" decoding=\"async\" width=\"859\" height=\"573\" data-attachment-id=\"12676\" data-permalink=\"https:\/\/capoigny.fr\/capoigny_assemblee_generale_2024_2891\/\" data-orig-file=\"https:\/\/capoigny.fr\/wp-content\/uploads\/2025\/01\/capoigny_assemblee_generale_2024_2891.jpg\" data-orig-size=\"859,573\" data-comments-opened=\"1\" data-image-meta=\"{&quot;aperture&quot;:&quot;4&quot;,&quot;credit&quot;:&quot;&quot;,&quot;camera&quot;:&quot;Canon EOS 2000D&quot;,&quot;caption&quot;:&quot;&quot;,&quot;created_timestamp&quot;:&quot;1737643331&quot;,&quot;copyright&quot;:&quot;&quot;,&quot;focal_length&quot;:&quot;18&quot;,&quot;iso&quot;:&quot;800&quot;,&quot;shutter_speed&quot;:&quot;0.016666666666667&quot;,&quot;title&quot;:&quot;&quot;,&quot;orientation&quot;:&quot;1&quot;}\" data-image-title=\"capoigny_assemblee_generale_2024_2891\" data-image-description=\"&lt;p&gt;Club Andr\u00e9 Poigny &amp;#8211; Le Mans  Assembl\u00e9e G\u00e9n\u00e9rale 2024 le 25\/01\/2025 \u00e0 la salle Pierre Gu\u00e9dou&lt;\/p&gt;\n\" data-image-caption=\"&lt;p&gt;Club Andr\u00e9 Poigny &amp;#8211; Le Mans  Assembl\u00e9e G\u00e9n\u00e9rale 2024 le 25\/01\/2025 \u00e0 la salle Pierre Gu\u00e9dou&lt;\/p&gt;\n\" data-large-file=\"https:\/\/capoigny.fr\/wp-content\/uploads\/2025\/01\/capoigny_assemblee_generale_2024_2891.jpg\" data-id=\"12676\" src=\"https:\/\/capoigny.fr\/wp-content\/uploads\/2025\/01\/capoigny_assemblee_generale_2024_2891.jpg\" alt=\"Club Andr\u00e9 Poigny - Le Mans Assembl\u00e9e G\u00e9n\u00e9rale 2024 le 25\/01\/2025 \u00e0 la salle Pierre Gu\u00e9dou\" class=\"wp-image-12676\" srcset=\"https:\/\/capoigny.fr\/wp-content\/uploads\/2025\/01\/capoigny_assemblee_generale_2024_2891.jpg 859w, https:\/\/capoigny.fr\/wp-content\/uploads\/2025\/01\/capoigny_assemblee_generale_2024_2891-300x200.jpg 300w, https:\/\/capoigny.fr\/wp-content\/uploads\/2025\/01\/capoigny_assemblee_generale_2024_2891-768x512.jpg 768w\" sizes=\"auto, (max-width: 859px) 100vw, 859px\" \/><figcaption class=\"wp-element-caption\">Club Andr\u00e9 Poigny &#8211; Le Mans  Assembl\u00e9e G\u00e9n\u00e9rale 2024 le 25\/01\/2025 \u00e0 la salle Pierre Gu\u00e9dou<\/figcaption><\/figure>\n\n\n\n<figure class=\"wp-block-image size-large\"><img loading=\"lazy\" decoding=\"async\" width=\"859\" height=\"573\" data-attachment-id=\"12677\" data-permalink=\"https:\/\/capoigny.fr\/capoigny_assemblee_generale_2024_2893\/\" data-orig-file=\"https:\/\/capoigny.fr\/wp-content\/uploads\/2025\/01\/capoigny_assemblee_generale_2024_2893.jpg\" data-orig-size=\"859,573\" data-comments-opened=\"1\" data-image-meta=\"{&quot;aperture&quot;:&quot;3.5&quot;,&quot;credit&quot;:&quot;&quot;,&quot;camera&quot;:&quot;Canon EOS 2000D&quot;,&quot;caption&quot;:&quot;&quot;,&quot;created_timestamp&quot;:&quot;1737647050&quot;,&quot;copyright&quot;:&quot;&quot;,&quot;focal_length&quot;:&quot;18&quot;,&quot;iso&quot;:&quot;3200&quot;,&quot;shutter_speed&quot;:&quot;0.033333333333333&quot;,&quot;title&quot;:&quot;&quot;,&quot;orientation&quot;:&quot;1&quot;}\" data-image-title=\"capoigny_assemblee_generale_2024_2893\" data-image-description=\"&lt;p&gt;Club Andr\u00e9 Poigny &amp;#8211; Le Mans  Assembl\u00e9e G\u00e9n\u00e9rale 2024 &amp;#8211; certification des comptes&lt;\/p&gt;\n\" data-image-caption=\"&lt;p&gt;Club Andr\u00e9 Poigny &amp;#8211; Le Mans  Assembl\u00e9e G\u00e9n\u00e9rale 2024 &amp;#8211; Certification des comptes&lt;\/p&gt;\n\" data-large-file=\"https:\/\/capoigny.fr\/wp-content\/uploads\/2025\/01\/capoigny_assemblee_generale_2024_2893.jpg\" data-id=\"12677\" src=\"https:\/\/capoigny.fr\/wp-content\/uploads\/2025\/01\/capoigny_assemblee_generale_2024_2893.jpg\" alt=\"Club Andr\u00e9 Poigny - Le Mans Assembl\u00e9e G\u00e9n\u00e9rale 2024 le 25\/01\/2025 \u00e0 la salle Pierre Gu\u00e9dou - certification des comptes\" class=\"wp-image-12677\" srcset=\"https:\/\/capoigny.fr\/wp-content\/uploads\/2025\/01\/capoigny_assemblee_generale_2024_2893.jpg 859w, https:\/\/capoigny.fr\/wp-content\/uploads\/2025\/01\/capoigny_assemblee_generale_2024_2893-300x200.jpg 300w, https:\/\/capoigny.fr\/wp-content\/uploads\/2025\/01\/capoigny_assemblee_generale_2024_2893-768x512.jpg 768w\" sizes=\"auto, (max-width: 859px) 100vw, 859px\" \/><figcaption class=\"wp-element-caption\">Club Andr\u00e9 Poigny &#8211; Le Mans  Assembl\u00e9e G\u00e9n\u00e9rale 2024 le 25\/01\/2025 \u00e0 la salle Pierre Gu\u00e9dou &#8211; certification des comptes<\/figcaption><\/figure>\n\n\n\n<figure class=\"wp-block-image size-large\"><img loading=\"lazy\" decoding=\"async\" width=\"859\" height=\"573\" data-attachment-id=\"12678\" data-permalink=\"https:\/\/capoigny.fr\/capoigny_assemblee_generale_2024_2899\/\" data-orig-file=\"https:\/\/capoigny.fr\/wp-content\/uploads\/2025\/01\/capoigny_assemblee_generale_2024_2899.jpg\" data-orig-size=\"859,573\" data-comments-opened=\"1\" data-image-meta=\"{&quot;aperture&quot;:&quot;4&quot;,&quot;credit&quot;:&quot;&quot;,&quot;camera&quot;:&quot;Canon EOS 2000D&quot;,&quot;caption&quot;:&quot;&quot;,&quot;created_timestamp&quot;:&quot;1737647114&quot;,&quot;copyright&quot;:&quot;&quot;,&quot;focal_length&quot;:&quot;18&quot;,&quot;iso&quot;:&quot;800&quot;,&quot;shutter_speed&quot;:&quot;0.016666666666667&quot;,&quot;title&quot;:&quot;&quot;,&quot;orientation&quot;:&quot;1&quot;}\" data-image-title=\"capoigny_assemblee_generale_2024_2899\" data-image-description=\"&lt;p&gt;Club Andr\u00e9 Poigny &amp;#8211; Le Mans  Assembl\u00e9e G\u00e9n\u00e9rale 2024 le 25\/01\/2025 \u00e0 la salle Pierre Gu\u00e9dou&lt;\/p&gt;\n\" data-image-caption=\"&lt;p&gt;Club Andr\u00e9 Poigny &amp;#8211; Le Mans  Assembl\u00e9e G\u00e9n\u00e9rale 2024 le 25\/01\/2025 \u00e0 la salle Pierre Gu\u00e9dou&lt;\/p&gt;\n\" data-large-file=\"https:\/\/capoigny.fr\/wp-content\/uploads\/2025\/01\/capoigny_assemblee_generale_2024_2899.jpg\" data-id=\"12678\" src=\"https:\/\/capoigny.fr\/wp-content\/uploads\/2025\/01\/capoigny_assemblee_generale_2024_2899.jpg\" alt=\"Club Andr\u00e9 Poigny - Le Mans Assembl\u00e9e G\u00e9n\u00e9rale 2024 le 25\/01\/2025 \u00e0 la salle Pierre Gu\u00e9dou\" class=\"wp-image-12678\" srcset=\"https:\/\/capoigny.fr\/wp-content\/uploads\/2025\/01\/capoigny_assemblee_generale_2024_2899.jpg 859w, https:\/\/capoigny.fr\/wp-content\/uploads\/2025\/01\/capoigny_assemblee_generale_2024_2899-300x200.jpg 300w, https:\/\/capoigny.fr\/wp-content\/uploads\/2025\/01\/capoigny_assemblee_generale_2024_2899-768x512.jpg 768w\" sizes=\"auto, (max-width: 859px) 100vw, 859px\" \/><figcaption class=\"wp-element-caption\">Club Andr\u00e9 Poigny &#8211; Le Mans  Assembl\u00e9e G\u00e9n\u00e9rale 2024 le 25\/01\/2025 \u00e0 la salle Pierre Gu\u00e9dou<\/figcaption><\/figure>\n\n\n\n<figure class=\"wp-block-image size-large\"><img loading=\"lazy\" decoding=\"async\" width=\"859\" height=\"573\" data-attachment-id=\"12679\" data-permalink=\"https:\/\/capoigny.fr\/capoigny_assemblee_generale_2024_2900\/\" data-orig-file=\"https:\/\/capoigny.fr\/wp-content\/uploads\/2025\/01\/capoigny_assemblee_generale_2024_2900.jpg\" data-orig-size=\"859,573\" data-comments-opened=\"1\" data-image-meta=\"{&quot;aperture&quot;:&quot;4&quot;,&quot;credit&quot;:&quot;&quot;,&quot;camera&quot;:&quot;Canon EOS 2000D&quot;,&quot;caption&quot;:&quot;&quot;,&quot;created_timestamp&quot;:&quot;1737648554&quot;,&quot;copyright&quot;:&quot;&quot;,&quot;focal_length&quot;:&quot;18&quot;,&quot;iso&quot;:&quot;800&quot;,&quot;shutter_speed&quot;:&quot;0.016666666666667&quot;,&quot;title&quot;:&quot;&quot;,&quot;orientation&quot;:&quot;1&quot;}\" data-image-title=\"capoigny_assemblee_generale_2024_2900\" data-image-description=\"&lt;p&gt;Club Andr\u00e9 Poigny &amp;#8211; Le Mans  Assembl\u00e9e G\u00e9n\u00e9rale 2024 &amp;#8211; intervention d&amp;rsquo;Yves Callipe, \u00e9lu au Mans, pr\u00e9sident du CCAS&lt;\/p&gt;\n\" data-image-caption=\"&lt;p&gt;Club Andr\u00e9 Poigny &amp;#8211; Le Mans  Assembl\u00e9e G\u00e9n\u00e9rale 2024 le 25\/01\/2025 \u00e0 la salle Pierre Gu\u00e9dou &amp;#8211; intervention d&amp;rsquo;Yves Callipe, \u00e9lu au Mans, pr\u00e9sident du CCAS&lt;\/p&gt;\n\" data-large-file=\"https:\/\/capoigny.fr\/wp-content\/uploads\/2025\/01\/capoigny_assemblee_generale_2024_2900.jpg\" data-id=\"12679\" src=\"https:\/\/capoigny.fr\/wp-content\/uploads\/2025\/01\/capoigny_assemblee_generale_2024_2900.jpg\" alt=\"Club Andr\u00e9 Poigny - Le Mans Assembl\u00e9e G\u00e9n\u00e9rale 2024 le 25\/01\/2025 \u00e0 la salle Pierre Gu\u00e9dou - intervention d'Yves Callipe, \u00e9lu de la ville du Mans, pr\u00e9sident du CCAS\" class=\"wp-image-12679\" srcset=\"https:\/\/capoigny.fr\/wp-content\/uploads\/2025\/01\/capoigny_assemblee_generale_2024_2900.jpg 859w, https:\/\/capoigny.fr\/wp-content\/uploads\/2025\/01\/capoigny_assemblee_generale_2024_2900-300x200.jpg 300w, https:\/\/capoigny.fr\/wp-content\/uploads\/2025\/01\/capoigny_assemblee_generale_2024_2900-768x512.jpg 768w\" sizes=\"auto, (max-width: 859px) 100vw, 859px\" \/><figcaption class=\"wp-element-caption\">Club Andr\u00e9 Poigny &#8211; Le Mans  Assembl\u00e9e G\u00e9n\u00e9rale 2024 le 25\/01\/2025 \u00e0 la salle Pierre Gu\u00e9dou &#8211; intervention d&rsquo;Yves Callipe, \u00e9lu de la ville du Mans, pr\u00e9sident du CCAS<\/figcaption><\/figure>\n\n\n\n<figure class=\"wp-block-image size-large\"><img loading=\"lazy\" decoding=\"async\" width=\"859\" height=\"573\" data-attachment-id=\"12680\" data-permalink=\"https:\/\/capoigny.fr\/capoigny_assemblee_generale_2024_2903\/\" data-orig-file=\"https:\/\/capoigny.fr\/wp-content\/uploads\/2025\/01\/capoigny_assemblee_generale_2024_2903.jpg\" data-orig-size=\"859,573\" data-comments-opened=\"1\" data-image-meta=\"{&quot;aperture&quot;:&quot;4.5&quot;,&quot;credit&quot;:&quot;&quot;,&quot;camera&quot;:&quot;Canon EOS 2000D&quot;,&quot;caption&quot;:&quot;&quot;,&quot;created_timestamp&quot;:&quot;1737649767&quot;,&quot;copyright&quot;:&quot;&quot;,&quot;focal_length&quot;:&quot;42&quot;,&quot;iso&quot;:&quot;800&quot;,&quot;shutter_speed&quot;:&quot;0.016666666666667&quot;,&quot;title&quot;:&quot;&quot;,&quot;orientation&quot;:&quot;1&quot;}\" data-image-title=\"capoigny_assemblee_generale_2024_2903\" data-image-description=\"&lt;p&gt;Club Andr\u00e9 Poigny &amp;#8211; Le Mans Assembl\u00e9e G\u00e9n\u00e9rale 2024 le 25\/01\/2025 \u00e0 la salle Pierre Gu\u00e9dou &amp;#8211; Madame Denis candidate au Conseil d&amp;rsquo;Administration&lt;\/p&gt;\n\" data-image-caption=\"&lt;p&gt;Club Andr\u00e9 Poigny &amp;#8211; Le Mans Assembl\u00e9e G\u00e9n\u00e9rale 2024 le 25\/01\/2025 \u00e0 la salle Pierre Gu\u00e9dou &amp;#8211; Madame Denis candidate au Conseil d&amp;rsquo;Administration&lt;\/p&gt;\n\" data-large-file=\"https:\/\/capoigny.fr\/wp-content\/uploads\/2025\/01\/capoigny_assemblee_generale_2024_2903.jpg\" data-id=\"12680\" src=\"https:\/\/capoigny.fr\/wp-content\/uploads\/2025\/01\/capoigny_assemblee_generale_2024_2903.jpg\" alt=\"Club Andr\u00e9 Poigny - Le Mans Assembl\u00e9e G\u00e9n\u00e9rale 2024 le 25\/01\/2025 \u00e0 la salle Pierre Gu\u00e9dou - Madame Denis candidate au Conseil d'Administration\" class=\"wp-image-12680\" srcset=\"https:\/\/capoigny.fr\/wp-content\/uploads\/2025\/01\/capoigny_assemblee_generale_2024_2903.jpg 859w, https:\/\/capoigny.fr\/wp-content\/uploads\/2025\/01\/capoigny_assemblee_generale_2024_2903-300x200.jpg 300w, https:\/\/capoigny.fr\/wp-content\/uploads\/2025\/01\/capoigny_assemblee_generale_2024_2903-768x512.jpg 768w\" sizes=\"auto, (max-width: 859px) 100vw, 859px\" \/><figcaption class=\"wp-element-caption\">Club Andr\u00e9 Poigny &#8211; Le Mans Assembl\u00e9e G\u00e9n\u00e9rale 2024 le 25\/01\/2025 \u00e0 la salle Pierre Gu\u00e9dou &#8211; Madame Denis candidate au Conseil d&rsquo;Administration<\/figcaption><\/figure>\n<\/figure>\n","protected":false},"excerpt":{"rendered":"","protected":false},"author":1,"featured_media":12675,"comment_status":"open","ping_status":"open","sticky":false,"template":"","format":"standard","meta":{"_jetpack_memberships_contains_paid_content":false,"footnotes":""},"categories":[14,7],"tags":[],"class_list":["post-12681","post","type-post","status-publish","format-standard","has-post-thumbnail","hentry","category-repas-dansants","category-vie-du-club"],"jetpack_featured_media_url":"https:\/\/capoigny.fr\/wp-content\/uploads\/2025\/01\/capoigny_assemblee_generale_2024_2890.jpg","jetpack_likes_enabled":true,"jetpack_sharing_enabled":true,"_links":{"self":[{"href":"https:\/\/capoigny.fr\/index.php\/wp-json\/wp\/v2\/posts\/12681","targetHints":{"allow":["GET"]}}],"collection":[{"href":"https:\/\/capoigny.fr\/index.php\/wp-json\/wp\/v2\/posts"}],"about":[{"href":"https:\/\/capoigny.fr\/index.php\/wp-json\/wp\/v2\/types\/post"}],"author":[{"embeddable":true,"href":"https:\/\/capoigny.fr\/index.php\/wp-json\/wp\/v2\/users\/1"}],"replies":[{"embeddable":true,"href":"https:\/\/capoigny.fr\/index.php\/wp-json\/wp\/v2\/comments?post=12681"}],"version-history":[{"count":1,"href":"https:\/\/capoigny.fr\/index.php\/wp-json\/wp\/v2\/posts\/12681\/revisions"}],"predecessor-version":[{"id":12684,"href":"https:\/\/capoigny.fr\/index.php\/wp-json\/wp\/v2\/posts\/12681\/revisions\/12684"}],"wp:featuredmedia":[{"embeddable":true,"href":"https:\/\/capoigny.fr\/index.php\/wp-json\/wp\/v2\/media\/12675"}],"wp:attachment":[{"href":"https:\/\/capoigny.fr\/index.php\/wp-json\/wp\/v2\/media?parent=12681"}],"wp:term":[{"taxonomy":"category","embeddable":true,"href":"https:\/\/capoigny.fr\/index.php\/wp-json\/wp\/v2\/categories?post=12681"},{"taxonomy":"post_tag","embeddable":true,"href":"https:\/\/capoigny.fr\/index.php\/wp-json\/wp\/v2\/tags?post=12681"}],"curies":[{"name":"wp","href":"https:\/\/api.w.org\/{rel}","templated":true}]}}