{"id":24643,"date":"2026-01-26T16:06:26","date_gmt":"2026-01-26T15:06:26","guid":{"rendered":"https:\/\/capoigny.fr\/?p=24643"},"modified":"2026-01-26T16:11:27","modified_gmt":"2026-01-26T15:11:27","slug":"assemblee-generale-2025","status":"publish","type":"post","link":"https:\/\/capoigny.fr\/index.php\/2026\/01\/26\/assemblee-generale-2025\/","title":{"rendered":"Assembl\u00e9e G\u00e9n\u00e9rale 2025"},"content":{"rendered":"\n<p data-wp-context---core-fit-text=\"core\/fit-text::{&quot;fontSize&quot;:&quot;&quot;}\" data-wp-init---core-fit-text=\"core\/fit-text::callbacks.init\" data-wp-interactive data-wp-style--font-size=\"core\/fit-text::context.fontSize\" class=\"has-fit-text\">Le jeudi 22 janvier 2026 \u00e0 la salle Pierre Gu\u00e9dou au Mans a eu lieu l&rsquo;Assembl\u00e9e G\u00e9n\u00e9rale du club Poigny <\/p>\n\n\n\n<figure class=\"wp-block-gallery has-nested-images columns-default is-cropped wp-block-gallery-1 is-layout-flex wp-block-gallery-is-layout-flex\">\n<figure class=\"wp-block-image size-large\"><img loading=\"lazy\" decoding=\"async\" width=\"859\" height=\"644\" data-attachment-id=\"24553\" data-permalink=\"https:\/\/capoigny.fr\/capoigny_asemblee_generale_2025_20260122_143705\/\" data-orig-file=\"https:\/\/capoigny.fr\/wp-content\/uploads\/2026\/01\/capoigny_asemblee_generale_2025_20260122_143705.jpg\" data-orig-size=\"859,644\" data-comments-opened=\"1\" data-image-meta=\"{&quot;aperture&quot;:&quot;1.7&quot;,&quot;credit&quot;:&quot;&quot;,&quot;camera&quot;:&quot;Galaxy S25 Ultra&quot;,&quot;caption&quot;:&quot;&quot;,&quot;created_timestamp&quot;:&quot;1769092624&quot;,&quot;copyright&quot;:&quot;&quot;,&quot;focal_length&quot;:&quot;6.3&quot;,&quot;iso&quot;:&quot;400&quot;,&quot;shutter_speed&quot;:&quot;0.009991324&quot;,&quot;title&quot;:&quot;&quot;,&quot;orientation&quot;:&quot;1&quot;}\" data-image-title=\"capoigny_asemblee_generale_2025_20260122_143705\" data-image-description=\"&lt;p&gt;Club Andr\u00e9 Poigny &amp;#8211; Le Mans &amp;#8211; Assembl\u00e9e G\u00e9n\u00e9rale 2025 suivi de la galette&lt;\/p&gt;\n\" data-image-caption=\"&lt;p&gt;Club Andr\u00e9 Poigny &amp;#8211; Le Mans &amp;#8211; Assembl\u00e9e G\u00e9n\u00e9rale 2025 suivi de la galette&lt;\/p&gt;\n\" data-large-file=\"https:\/\/capoigny.fr\/wp-content\/uploads\/2026\/01\/capoigny_asemblee_generale_2025_20260122_143705.jpg\" data-id=\"24553\" src=\"https:\/\/capoigny.fr\/wp-content\/uploads\/2026\/01\/capoigny_asemblee_generale_2025_20260122_143705.jpg\" alt=\"Club Andr\u00e9 Poigny - Le Mans - Assembl\u00e9e G\u00e9n\u00e9rale 2025 suivi de la galette\" class=\"wp-image-24553\" srcset=\"https:\/\/capoigny.fr\/wp-content\/uploads\/2026\/01\/capoigny_asemblee_generale_2025_20260122_143705.jpg 859w, https:\/\/capoigny.fr\/wp-content\/uploads\/2026\/01\/capoigny_asemblee_generale_2025_20260122_143705-300x225.jpg 300w, https:\/\/capoigny.fr\/wp-content\/uploads\/2026\/01\/capoigny_asemblee_generale_2025_20260122_143705-768x576.jpg 768w\" sizes=\"auto, (max-width: 859px) 100vw, 859px\" \/><figcaption class=\"wp-element-caption\">Club Andr\u00e9 Poigny &#8211; Le Mans &#8211; Assembl\u00e9e G\u00e9n\u00e9rale 2025 suivi de la galette<\/figcaption><\/figure>\n\n\n\n<figure class=\"wp-block-image size-large\"><img loading=\"lazy\" decoding=\"async\" width=\"768\" height=\"1024\" data-attachment-id=\"24554\" data-permalink=\"https:\/\/capoigny.fr\/capoigny_asemblee_generale_2025_20260122_144440\/\" data-orig-file=\"https:\/\/capoigny.fr\/wp-content\/uploads\/2026\/01\/capoigny_asemblee_generale_2025_20260122_144440.jpg\" data-orig-size=\"859,1145\" data-comments-opened=\"1\" data-image-meta=\"{&quot;aperture&quot;:&quot;1.7&quot;,&quot;credit&quot;:&quot;&quot;,&quot;camera&quot;:&quot;Galaxy S25 Ultra&quot;,&quot;caption&quot;:&quot;&quot;,&quot;created_timestamp&quot;:&quot;1769093080&quot;,&quot;copyright&quot;:&quot;&quot;,&quot;focal_length&quot;:&quot;6.3&quot;,&quot;iso&quot;:&quot;1000&quot;,&quot;shutter_speed&quot;:&quot;0.009991324&quot;,&quot;title&quot;:&quot;&quot;,&quot;orientation&quot;:&quot;1&quot;}\" data-image-title=\"capoigny_asemblee_generale_2025_20260122_144440\" data-image-description=\"&lt;p&gt;Club Andr\u00e9 Poigny &amp;#8211; Le Mans &amp;#8211; Assembl\u00e9e G\u00e9n\u00e9rale 2025 suivi de la galette&lt;\/p&gt;\n\" data-image-caption=\"&lt;p&gt;Club Andr\u00e9 Poigny &amp;#8211; Le Mans &amp;#8211; Assembl\u00e9e G\u00e9n\u00e9rale 2025 suivi de la galette&lt;\/p&gt;\n\" data-large-file=\"https:\/\/capoigny.fr\/wp-content\/uploads\/2026\/01\/capoigny_asemblee_generale_2025_20260122_144440-768x1024.jpg\" data-id=\"24554\" src=\"https:\/\/capoigny.fr\/wp-content\/uploads\/2026\/01\/capoigny_asemblee_generale_2025_20260122_144440-768x1024.jpg\" alt=\"Club Andr\u00e9 Poigny - Le Mans - Assembl\u00e9e G\u00e9n\u00e9rale 2025 suivi de la galette\" class=\"wp-image-24554\" srcset=\"https:\/\/capoigny.fr\/wp-content\/uploads\/2026\/01\/capoigny_asemblee_generale_2025_20260122_144440-768x1024.jpg 768w, https:\/\/capoigny.fr\/wp-content\/uploads\/2026\/01\/capoigny_asemblee_generale_2025_20260122_144440-225x300.jpg 225w, https:\/\/capoigny.fr\/wp-content\/uploads\/2026\/01\/capoigny_asemblee_generale_2025_20260122_144440.jpg 859w\" sizes=\"auto, (max-width: 768px) 100vw, 768px\" \/><figcaption class=\"wp-element-caption\">Club Andr\u00e9 Poigny &#8211; Le Mans &#8211; Assembl\u00e9e G\u00e9n\u00e9rale 2025 suivi de la galette<\/figcaption><\/figure>\n\n\n\n<figure class=\"wp-block-image size-large\"><img loading=\"lazy\" decoding=\"async\" width=\"859\" height=\"644\" data-attachment-id=\"24555\" data-permalink=\"https:\/\/capoigny.fr\/capoigny_asemblee_generale_2025_20260122_145816\/\" data-orig-file=\"https:\/\/capoigny.fr\/wp-content\/uploads\/2026\/01\/capoigny_asemblee_generale_2025_20260122_145816.jpg\" data-orig-size=\"859,644\" data-comments-opened=\"1\" data-image-meta=\"{&quot;aperture&quot;:&quot;2.4&quot;,&quot;credit&quot;:&quot;&quot;,&quot;camera&quot;:&quot;Galaxy S25 Ultra&quot;,&quot;caption&quot;:&quot;&quot;,&quot;created_timestamp&quot;:&quot;1769093896&quot;,&quot;copyright&quot;:&quot;&quot;,&quot;focal_length&quot;:&quot;7.9&quot;,&quot;iso&quot;:&quot;320&quot;,&quot;shutter_speed&quot;:&quot;0.029994234&quot;,&quot;title&quot;:&quot;&quot;,&quot;orientation&quot;:&quot;1&quot;}\" data-image-title=\"capoigny_asemblee_generale_2025_20260122_145816\" data-image-description=\"&lt;p&gt;Club Andr\u00e9 Poigny &amp;#8211; Le Mans &amp;#8211; Assembl\u00e9e G\u00e9n\u00e9rale 2025 suivi de la galette&lt;\/p&gt;\n\" data-image-caption=\"&lt;p&gt;Club Andr\u00e9 Poigny &amp;#8211; Le Mans &amp;#8211; Assembl\u00e9e G\u00e9n\u00e9rale 2025 suivi de la galette&lt;\/p&gt;\n\" data-large-file=\"https:\/\/capoigny.fr\/wp-content\/uploads\/2026\/01\/capoigny_asemblee_generale_2025_20260122_145816.jpg\" data-id=\"24555\" src=\"https:\/\/capoigny.fr\/wp-content\/uploads\/2026\/01\/capoigny_asemblee_generale_2025_20260122_145816.jpg\" alt=\"Club Andr\u00e9 Poigny - Le Mans - Assembl\u00e9e G\u00e9n\u00e9rale 2025 suivi de la galette\" class=\"wp-image-24555\" srcset=\"https:\/\/capoigny.fr\/wp-content\/uploads\/2026\/01\/capoigny_asemblee_generale_2025_20260122_145816.jpg 859w, https:\/\/capoigny.fr\/wp-content\/uploads\/2026\/01\/capoigny_asemblee_generale_2025_20260122_145816-300x225.jpg 300w, https:\/\/capoigny.fr\/wp-content\/uploads\/2026\/01\/capoigny_asemblee_generale_2025_20260122_145816-768x576.jpg 768w\" sizes=\"auto, (max-width: 859px) 100vw, 859px\" \/><figcaption class=\"wp-element-caption\">Club Andr\u00e9 Poigny &#8211; Le Mans &#8211; Assembl\u00e9e G\u00e9n\u00e9rale 2025 suivi de la galette<\/figcaption><\/figure>\n\n\n\n<figure class=\"wp-block-image size-large\"><img loading=\"lazy\" decoding=\"async\" width=\"859\" height=\"644\" data-attachment-id=\"24556\" data-permalink=\"https:\/\/capoigny.fr\/capoigny_asemblee_generale_2025_20260122_151009\/\" data-orig-file=\"https:\/\/capoigny.fr\/wp-content\/uploads\/2026\/01\/capoigny_asemblee_generale_2025_20260122_151009.jpg\" data-orig-size=\"859,644\" data-comments-opened=\"1\" data-image-meta=\"{&quot;aperture&quot;:&quot;1.7&quot;,&quot;credit&quot;:&quot;&quot;,&quot;camera&quot;:&quot;Galaxy S25 Ultra&quot;,&quot;caption&quot;:&quot;&quot;,&quot;created_timestamp&quot;:&quot;1769094609&quot;,&quot;copyright&quot;:&quot;&quot;,&quot;focal_length&quot;:&quot;6.3&quot;,&quot;iso&quot;:&quot;800&quot;,&quot;shutter_speed&quot;:&quot;0.009991324&quot;,&quot;title&quot;:&quot;&quot;,&quot;orientation&quot;:&quot;1&quot;}\" data-image-title=\"capoigny_asemblee_generale_2025_20260122_151009\" data-image-description=\"&lt;p&gt;Club Andr\u00e9 Poigny &amp;#8211; Le Mans &amp;#8211; Assembl\u00e9e G\u00e9n\u00e9rale 2025 suivi de la galette&lt;\/p&gt;\n\" data-image-caption=\"&lt;p&gt;Club Andr\u00e9 Poigny &amp;#8211; Le Mans &amp;#8211; Assembl\u00e9e G\u00e9n\u00e9rale 2025 suivi de la galette&lt;\/p&gt;\n\" data-large-file=\"https:\/\/capoigny.fr\/wp-content\/uploads\/2026\/01\/capoigny_asemblee_generale_2025_20260122_151009.jpg\" data-id=\"24556\" src=\"https:\/\/capoigny.fr\/wp-content\/uploads\/2026\/01\/capoigny_asemblee_generale_2025_20260122_151009.jpg\" alt=\"Club Andr\u00e9 Poigny - Le Mans - Assembl\u00e9e G\u00e9n\u00e9rale 2025 suivi de la galette\" class=\"wp-image-24556\" srcset=\"https:\/\/capoigny.fr\/wp-content\/uploads\/2026\/01\/capoigny_asemblee_generale_2025_20260122_151009.jpg 859w, https:\/\/capoigny.fr\/wp-content\/uploads\/2026\/01\/capoigny_asemblee_generale_2025_20260122_151009-300x225.jpg 300w, https:\/\/capoigny.fr\/wp-content\/uploads\/2026\/01\/capoigny_asemblee_generale_2025_20260122_151009-768x576.jpg 768w\" sizes=\"auto, (max-width: 859px) 100vw, 859px\" \/><figcaption class=\"wp-element-caption\">Club Andr\u00e9 Poigny &#8211; Le Mans &#8211; Assembl\u00e9e G\u00e9n\u00e9rale 2025 suivi de la galette<\/figcaption><\/figure>\n\n\n\n<figure class=\"wp-block-image size-large\"><img loading=\"lazy\" decoding=\"async\" width=\"859\" height=\"644\" data-attachment-id=\"24557\" data-permalink=\"https:\/\/capoigny.fr\/capoigny_asemblee_generale_2025_20260122_152147\/\" data-orig-file=\"https:\/\/capoigny.fr\/wp-content\/uploads\/2026\/01\/capoigny_asemblee_generale_2025_20260122_152147.jpg\" data-orig-size=\"859,644\" data-comments-opened=\"1\" data-image-meta=\"{&quot;aperture&quot;:&quot;1.9&quot;,&quot;credit&quot;:&quot;&quot;,&quot;camera&quot;:&quot;Galaxy S25 Ultra&quot;,&quot;caption&quot;:&quot;&quot;,&quot;created_timestamp&quot;:&quot;1769095307&quot;,&quot;copyright&quot;:&quot;&quot;,&quot;focal_length&quot;:&quot;2.2&quot;,&quot;iso&quot;:&quot;640&quot;,&quot;shutter_speed&quot;:&quot;0.019982648&quot;,&quot;title&quot;:&quot;&quot;,&quot;orientation&quot;:&quot;1&quot;}\" data-image-title=\"capoigny_asemblee_generale_2025_20260122_152147\" data-image-description=\"&lt;p&gt;Club Andr\u00e9 Poigny &amp;#8211; Le Mans &amp;#8211; Assembl\u00e9e G\u00e9n\u00e9rale 2025 suivi de la galette&lt;\/p&gt;\n\" data-image-caption=\"&lt;p&gt;Club Andr\u00e9 Poigny &amp;#8211; Le Mans &amp;#8211; Assembl\u00e9e G\u00e9n\u00e9rale 2025 suivi de la galette&lt;\/p&gt;\n\" data-large-file=\"https:\/\/capoigny.fr\/wp-content\/uploads\/2026\/01\/capoigny_asemblee_generale_2025_20260122_152147.jpg\" data-id=\"24557\" src=\"https:\/\/capoigny.fr\/wp-content\/uploads\/2026\/01\/capoigny_asemblee_generale_2025_20260122_152147.jpg\" alt=\"Club Andr\u00e9 Poigny - Le Mans - Assembl\u00e9e G\u00e9n\u00e9rale 2025 suivi de la galette\" class=\"wp-image-24557\" srcset=\"https:\/\/capoigny.fr\/wp-content\/uploads\/2026\/01\/capoigny_asemblee_generale_2025_20260122_152147.jpg 859w, https:\/\/capoigny.fr\/wp-content\/uploads\/2026\/01\/capoigny_asemblee_generale_2025_20260122_152147-300x225.jpg 300w, https:\/\/capoigny.fr\/wp-content\/uploads\/2026\/01\/capoigny_asemblee_generale_2025_20260122_152147-768x576.jpg 768w\" sizes=\"auto, (max-width: 859px) 100vw, 859px\" \/><figcaption class=\"wp-element-caption\">Club Andr\u00e9 Poigny &#8211; Le Mans &#8211; Assembl\u00e9e G\u00e9n\u00e9rale 2025 suivi de la galette<\/figcaption><\/figure>\n\n\n\n<figure class=\"wp-block-image size-large\"><img loading=\"lazy\" decoding=\"async\" width=\"859\" height=\"644\" data-attachment-id=\"24558\" data-permalink=\"https:\/\/capoigny.fr\/capoigny_asemblee_generale_2025_20260122_152731\/\" data-orig-file=\"https:\/\/capoigny.fr\/wp-content\/uploads\/2026\/01\/capoigny_asemblee_generale_2025_20260122_152731.jpg\" data-orig-size=\"859,644\" data-comments-opened=\"1\" data-image-meta=\"{&quot;aperture&quot;:&quot;1.7&quot;,&quot;credit&quot;:&quot;&quot;,&quot;camera&quot;:&quot;Galaxy S25 Ultra&quot;,&quot;caption&quot;:&quot;&quot;,&quot;created_timestamp&quot;:&quot;1769095651&quot;,&quot;copyright&quot;:&quot;&quot;,&quot;focal_length&quot;:&quot;6.3&quot;,&quot;iso&quot;:&quot;640&quot;,&quot;shutter_speed&quot;:&quot;0.019982648&quot;,&quot;title&quot;:&quot;&quot;,&quot;orientation&quot;:&quot;1&quot;}\" data-image-title=\"capoigny_asemblee_generale_2025_20260122_152731\" data-image-description=\"&lt;p&gt;Club Andr\u00e9 Poigny &amp;#8211; Le Mans &amp;#8211; Assembl\u00e9e G\u00e9n\u00e9rale 2025 suivi de la galette&lt;\/p&gt;\n\" data-image-caption=\"&lt;p&gt;Club Andr\u00e9 Poigny &amp;#8211; Le Mans &amp;#8211; Assembl\u00e9e G\u00e9n\u00e9rale 2025 suivi de la galette&lt;\/p&gt;\n\" data-large-file=\"https:\/\/capoigny.fr\/wp-content\/uploads\/2026\/01\/capoigny_asemblee_generale_2025_20260122_152731.jpg\" data-id=\"24558\" src=\"https:\/\/capoigny.fr\/wp-content\/uploads\/2026\/01\/capoigny_asemblee_generale_2025_20260122_152731.jpg\" alt=\"Club Andr\u00e9 Poigny - Le Mans - Assembl\u00e9e G\u00e9n\u00e9rale 2025 suivi de la galette\" class=\"wp-image-24558\" srcset=\"https:\/\/capoigny.fr\/wp-content\/uploads\/2026\/01\/capoigny_asemblee_generale_2025_20260122_152731.jpg 859w, https:\/\/capoigny.fr\/wp-content\/uploads\/2026\/01\/capoigny_asemblee_generale_2025_20260122_152731-300x225.jpg 300w, https:\/\/capoigny.fr\/wp-content\/uploads\/2026\/01\/capoigny_asemblee_generale_2025_20260122_152731-768x576.jpg 768w\" sizes=\"auto, (max-width: 859px) 100vw, 859px\" \/><figcaption class=\"wp-element-caption\">Club Andr\u00e9 Poigny &#8211; Le Mans &#8211; Assembl\u00e9e G\u00e9n\u00e9rale 2025 suivi de la galette<\/figcaption><\/figure>\n\n\n\n<figure class=\"wp-block-image size-large\"><img loading=\"lazy\" decoding=\"async\" width=\"768\" height=\"1024\" data-attachment-id=\"24559\" data-permalink=\"https:\/\/capoigny.fr\/capoigny_asemblee_generale_2025_20260122_152745\/\" data-orig-file=\"https:\/\/capoigny.fr\/wp-content\/uploads\/2026\/01\/capoigny_asemblee_generale_2025_20260122_152745.jpg\" data-orig-size=\"859,1145\" data-comments-opened=\"1\" data-image-meta=\"{&quot;aperture&quot;:&quot;2.4&quot;,&quot;credit&quot;:&quot;&quot;,&quot;camera&quot;:&quot;Galaxy S25 Ultra&quot;,&quot;caption&quot;:&quot;&quot;,&quot;created_timestamp&quot;:&quot;1769095665&quot;,&quot;copyright&quot;:&quot;&quot;,&quot;focal_length&quot;:&quot;7.9&quot;,&quot;iso&quot;:&quot;500&quot;,&quot;shutter_speed&quot;:&quot;0.029994234&quot;,&quot;title&quot;:&quot;&quot;,&quot;orientation&quot;:&quot;1&quot;}\" data-image-title=\"capoigny_asemblee_generale_2025_20260122_152745\" data-image-description=\"&lt;p&gt;Club Andr\u00e9 Poigny &amp;#8211; Le Mans &amp;#8211; Assembl\u00e9e G\u00e9n\u00e9rale 2025 suivi de la galette&lt;\/p&gt;\n\" data-image-caption=\"&lt;p&gt;Club Andr\u00e9 Poigny &amp;#8211; Le Mans &amp;#8211; Assembl\u00e9e G\u00e9n\u00e9rale 2025 suivi de la galette&lt;\/p&gt;\n\" data-large-file=\"https:\/\/capoigny.fr\/wp-content\/uploads\/2026\/01\/capoigny_asemblee_generale_2025_20260122_152745-768x1024.jpg\" data-id=\"24559\" src=\"https:\/\/capoigny.fr\/wp-content\/uploads\/2026\/01\/capoigny_asemblee_generale_2025_20260122_152745-768x1024.jpg\" alt=\"Club Andr\u00e9 Poigny - Le Mans - Assembl\u00e9e G\u00e9n\u00e9rale 2025 suivi de la galette\" class=\"wp-image-24559\" srcset=\"https:\/\/capoigny.fr\/wp-content\/uploads\/2026\/01\/capoigny_asemblee_generale_2025_20260122_152745-768x1024.jpg 768w, https:\/\/capoigny.fr\/wp-content\/uploads\/2026\/01\/capoigny_asemblee_generale_2025_20260122_152745-225x300.jpg 225w, https:\/\/capoigny.fr\/wp-content\/uploads\/2026\/01\/capoigny_asemblee_generale_2025_20260122_152745.jpg 859w\" sizes=\"auto, (max-width: 768px) 100vw, 768px\" \/><figcaption class=\"wp-element-caption\">Club Andr\u00e9 Poigny &#8211; Le Mans &#8211; Assembl\u00e9e G\u00e9n\u00e9rale 2025 suivi de la galette<\/figcaption><\/figure>\n\n\n\n<figure class=\"wp-block-image size-large\"><img loading=\"lazy\" decoding=\"async\" width=\"859\" height=\"644\" data-attachment-id=\"24560\" data-permalink=\"https:\/\/capoigny.fr\/capoigny_asemblee_generale_2025_20260122_161940\/\" data-orig-file=\"https:\/\/capoigny.fr\/wp-content\/uploads\/2026\/01\/capoigny_asemblee_generale_2025_20260122_161940.jpg\" data-orig-size=\"859,644\" data-comments-opened=\"1\" data-image-meta=\"{&quot;aperture&quot;:&quot;1.7&quot;,&quot;credit&quot;:&quot;&quot;,&quot;camera&quot;:&quot;Galaxy S25 Ultra&quot;,&quot;caption&quot;:&quot;&quot;,&quot;created_timestamp&quot;:&quot;1769098780&quot;,&quot;copyright&quot;:&quot;&quot;,&quot;focal_length&quot;:&quot;6.3&quot;,&quot;iso&quot;:&quot;400&quot;,&quot;shutter_speed&quot;:&quot;0.019982648&quot;,&quot;title&quot;:&quot;&quot;,&quot;orientation&quot;:&quot;1&quot;}\" data-image-title=\"capoigny_asemblee_generale_2025_20260122_161940\" data-image-description=\"\" data-image-caption=\"\" data-large-file=\"https:\/\/capoigny.fr\/wp-content\/uploads\/2026\/01\/capoigny_asemblee_generale_2025_20260122_161940.jpg\" data-id=\"24560\" src=\"https:\/\/capoigny.fr\/wp-content\/uploads\/2026\/01\/capoigny_asemblee_generale_2025_20260122_161940.jpg\" alt=\"\" class=\"wp-image-24560\" srcset=\"https:\/\/capoigny.fr\/wp-content\/uploads\/2026\/01\/capoigny_asemblee_generale_2025_20260122_161940.jpg 859w, https:\/\/capoigny.fr\/wp-content\/uploads\/2026\/01\/capoigny_asemblee_generale_2025_20260122_161940-300x225.jpg 300w, https:\/\/capoigny.fr\/wp-content\/uploads\/2026\/01\/capoigny_asemblee_generale_2025_20260122_161940-768x576.jpg 768w\" sizes=\"auto, (max-width: 859px) 100vw, 859px\" \/><\/figure>\n\n\n\n<figure class=\"wp-block-image size-large\"><img loading=\"lazy\" decoding=\"async\" width=\"434\" height=\"563\" data-attachment-id=\"24606\" data-permalink=\"https:\/\/capoigny.fr\/capoigny_conseil_2026_presidente_annick_mauboussin\/\" data-orig-file=\"https:\/\/capoigny.fr\/wp-content\/uploads\/2026\/01\/capoigny_conseil_2026_presidente_Annick_Mauboussin.jpg\" data-orig-size=\"434,563\" data-comments-opened=\"1\" data-image-meta=\"{&quot;aperture&quot;:&quot;1.7&quot;,&quot;credit&quot;:&quot;&quot;,&quot;camera&quot;:&quot;Galaxy S25 Ultra&quot;,&quot;caption&quot;:&quot;&quot;,&quot;created_timestamp&quot;:&quot;1769098780&quot;,&quot;copyright&quot;:&quot;&quot;,&quot;focal_length&quot;:&quot;6.3&quot;,&quot;iso&quot;:&quot;400&quot;,&quot;shutter_speed&quot;:&quot;0.019982648&quot;,&quot;title&quot;:&quot;&quot;,&quot;orientation&quot;:&quot;1&quot;}\" data-image-title=\"capoigny_conseil_2026_pr\u00e9sidente_Annick_Mauboussin\" data-image-description=\"&lt;p&gt;Club Andr\u00e9 Poigny &amp;#8211; Le Mans (c) Pr\u00e9sidente en 2026  Annick Mauboussin&lt;\/p&gt;\n\" data-image-caption=\"&lt;p&gt;Club Andr\u00e9 Poigny &amp;#8211; Le Mans (c) Pr\u00e9sidente en 2026  Annick Mauboussin&lt;\/p&gt;\n\" data-large-file=\"https:\/\/capoigny.fr\/wp-content\/uploads\/2026\/01\/capoigny_conseil_2026_presidente_Annick_Mauboussin.jpg\" data-id=\"24606\" src=\"https:\/\/capoigny.fr\/wp-content\/uploads\/2026\/01\/capoigny_conseil_2026_presidente_Annick_Mauboussin.jpg\" alt=\"Club Andr\u00e9 Poigny - Le Mans (c) Pr\u00e9sidente en 2026 Annick Mauboussin\" class=\"wp-image-24606\" srcset=\"https:\/\/capoigny.fr\/wp-content\/uploads\/2026\/01\/capoigny_conseil_2026_presidente_Annick_Mauboussin.jpg 434w, https:\/\/capoigny.fr\/wp-content\/uploads\/2026\/01\/capoigny_conseil_2026_presidente_Annick_Mauboussin-231x300.jpg 231w\" sizes=\"auto, (max-width: 434px) 100vw, 434px\" \/><figcaption class=\"wp-element-caption\">Club Andr\u00e9 Poigny &#8211; Le Mans (c) Pr\u00e9sidente en 2026  Annick Mauboussin<\/figcaption><\/figure>\n<\/figure>\n","protected":false},"excerpt":{"rendered":"<p>Le jeudi 22 janvier 2026 \u00e0 la salle Pierre Gu\u00e9dou au Mans a eu lieu l&rsquo;Assembl\u00e9e G\u00e9n\u00e9rale du club Poigny<\/p>\n","protected":false},"author":3,"featured_media":24553,"comment_status":"open","ping_status":"open","sticky":true,"template":"","format":"standard","meta":{"_jetpack_memberships_contains_paid_content":false,"footnotes":""},"categories":[7],"tags":[],"class_list":["post-24643","post","type-post","status-publish","format-standard","has-post-thumbnail","hentry","category-vie-du-club"],"jetpack_featured_media_url":"https:\/\/capoigny.fr\/wp-content\/uploads\/2026\/01\/capoigny_asemblee_generale_2025_20260122_143705.jpg","jetpack_likes_enabled":true,"jetpack_sharing_enabled":true,"_links":{"self":[{"href":"https:\/\/capoigny.fr\/index.php\/wp-json\/wp\/v2\/posts\/24643","targetHints":{"allow":["GET"]}}],"collection":[{"href":"https:\/\/capoigny.fr\/index.php\/wp-json\/wp\/v2\/posts"}],"about":[{"href":"https:\/\/capoigny.fr\/index.php\/wp-json\/wp\/v2\/types\/post"}],"author":[{"embeddable":true,"href":"https:\/\/capoigny.fr\/index.php\/wp-json\/wp\/v2\/users\/3"}],"replies":[{"embeddable":true,"href":"https:\/\/capoigny.fr\/index.php\/wp-json\/wp\/v2\/comments?post=24643"}],"version-history":[{"count":1,"href":"https:\/\/capoigny.fr\/index.php\/wp-json\/wp\/v2\/posts\/24643\/revisions"}],"predecessor-version":[{"id":24644,"href":"https:\/\/capoigny.fr\/index.php\/wp-json\/wp\/v2\/posts\/24643\/revisions\/24644"}],"wp:featuredmedia":[{"embeddable":true,"href":"https:\/\/capoigny.fr\/index.php\/wp-json\/wp\/v2\/media\/24553"}],"wp:attachment":[{"href":"https:\/\/capoigny.fr\/index.php\/wp-json\/wp\/v2\/media?parent=24643"}],"wp:term":[{"taxonomy":"category","embeddable":true,"href":"https:\/\/capoigny.fr\/index.php\/wp-json\/wp\/v2\/categories?post=24643"},{"taxonomy":"post_tag","embeddable":true,"href":"https:\/\/capoigny.fr\/index.php\/wp-json\/wp\/v2\/tags?post=24643"}],"curies":[{"name":"wp","href":"https:\/\/api.w.org\/{rel}","templated":true}]}}